{"id":3521,"date":"2021-09-12T12:59:10","date_gmt":"2021-09-12T12:59:10","guid":{"rendered":"https:\/\/feuerwehr-weinboehla.de\/?p=3521"},"modified":"2021-12-24T14:03:04","modified_gmt":"2021-12-24T14:03:04","slug":"einsatz-55-2021","status":"publish","type":"post","link":"https:\/\/feuerwehr-weinboehla.de\/?p=3521","title":{"rendered":"Einsatz 55- 2021"},"content":{"rendered":"\n<div class=\"wp-block-columns is-layout-flex wp-container-core-columns-is-layout-9d6595d7 wp-block-columns-is-layout-flex\">\n<div class=\"wp-block-column is-layout-flow wp-block-column-is-layout-flow\">\n<figure class=\"wp-block-table is-style-stripes\"><table><tbody><tr><td> Einsatzart<\/td><td>\u00dcber\u00f6rtlich<\/td><\/tr><tr><td> Einsatzstichwort <\/td><td>Brand Gro\u00df<\/td><\/tr><tr><td> Einsatzort <\/td><td>Markt<br>01471 Radeburg<\/td><\/tr><tr><td> Einsatzbeginn <\/td><td>11.09.21 00:29 Uhr<\/td><\/tr><tr><td> Einsatzende <\/td><td> 11.09.21 03:50 Uhr <\/td><\/tr><tr><td> Einsatzkr\u00e4fte <\/td><td>2<\/td><\/tr><tr><td> Fahrzeuge <\/td><td>GWA<\/td><\/tr><tr><td> Weitere Kr\u00e4fte <\/td><td>FF Radeburg, FF Berbisdorf, FF Gro\u00dfdittmannsdorf, FF B\u00e4rwalde, FF Ottendorf- Ockrilla, FF Volkersdorf, FF Moritzburg, FF Radebeul- Ost, FF Ebersbach, FF Kleinnaundorf, FF Medingen <\/td><\/tr><tr><td> Link <\/td><td>&#8211;<\/td><\/tr><\/tbody><\/table><\/figure>\n<\/div>\n\n\n\n<div class=\"wp-block-column is-layout-flow wp-block-column-is-layout-flow\">\n<iframe src=\"https:\/\/www.google.com\/maps\/embed?pb=!1m18!1m12!1m3!1d2499.229556176553!2d13.721871715916986!3d51.21484673987191!2m3!1f0!2f0!3f0!3m2!1i1024!2i768!4f13.1!3m3!1m2!1s0x47082d53433279b7%3A0xa673c62d370c0b23!2sMarkt%2C%2001471%20Radeburg!5e0!3m2!1sde!2sde!4v1631451538305!5m2!1sde!2sde\" style=\"border:0;\" allowfullscreen=\"\" loading=\"lazy\" width=\"600\" height=\"450\"><\/iframe>\n<\/div>\n<\/div>\n","protected":false},"excerpt":{"rendered":"<p>Einsatzart \u00dcber\u00f6rtlich Einsatzstichwort Brand Gro\u00df Einsatzort Markt01471 Radeburg Einsatzbeginn 11.09.21 00:29 Uhr Einsatzende 11.09.21 03:50 Uhr Einsatzkr\u00e4fte 2 Fahrzeuge GWA Weitere Kr\u00e4fte FF Radeburg, FF Berbisdorf, FF Gro\u00dfdittmannsdorf, FF B\u00e4rwalde, FF Ottendorf- Ockrilla, FF Volkersdorf, FF Moritzburg, FF Radebeul- Ost, FF Ebersbach, FF Kleinnaundorf, FF Medingen Link &#8211;<\/p>\n","protected":false},"author":1,"featured_media":0,"comment_status":"closed","ping_status":"closed","sticky":false,"template":"","format":"standard","meta":{"footnotes":""},"categories":[10],"tags":[],"class_list":["post-3521","post","type-post","status-publish","format-standard","hentry","category-einsaetze-2021"],"jetpack_featured_media_url":"","_links":{"self":[{"href":"https:\/\/feuerwehr-weinboehla.de\/index.php?rest_route=\/wp\/v2\/posts\/3521","targetHints":{"allow":["GET"]}}],"collection":[{"href":"https:\/\/feuerwehr-weinboehla.de\/index.php?rest_route=\/wp\/v2\/posts"}],"about":[{"href":"https:\/\/feuerwehr-weinboehla.de\/index.php?rest_route=\/wp\/v2\/types\/post"}],"author":[{"embeddable":true,"href":"https:\/\/feuerwehr-weinboehla.de\/index.php?rest_route=\/wp\/v2\/users\/1"}],"replies":[{"embeddable":true,"href":"https:\/\/feuerwehr-weinboehla.de\/index.php?rest_route=%2Fwp%2Fv2%2Fcomments&post=3521"}],"version-history":[{"count":2,"href":"https:\/\/feuerwehr-weinboehla.de\/index.php?rest_route=\/wp\/v2\/posts\/3521\/revisions"}],"predecessor-version":[{"id":4023,"href":"https:\/\/feuerwehr-weinboehla.de\/index.php?rest_route=\/wp\/v2\/posts\/3521\/revisions\/4023"}],"wp:attachment":[{"href":"https:\/\/feuerwehr-weinboehla.de\/index.php?rest_route=%2Fwp%2Fv2%2Fmedia&parent=3521"}],"wp:term":[{"taxonomy":"category","embeddable":true,"href":"https:\/\/feuerwehr-weinboehla.de\/index.php?rest_route=%2Fwp%2Fv2%2Fcategories&post=3521"},{"taxonomy":"post_tag","embeddable":true,"href":"https:\/\/feuerwehr-weinboehla.de\/index.php?rest_route=%2Fwp%2Fv2%2Ftags&post=3521"}],"curies":[{"name":"wp","href":"https:\/\/api.w.org\/{rel}","templated":true}]}}